{"id":1247,"date":"2015-09-11T15:51:33","date_gmt":"2015-09-11T14:51:33","guid":{"rendered":"http:\/\/blog.ayurweda.de\/?p=1247"},"modified":"2015-10-02T09:12:00","modified_gmt":"2015-10-02T08:12:00","slug":"vortrag-ayurwedische-ernaehrung-im-alltag","status":"publish","type":"post","link":"https:\/\/blog.ayurweda.de\/?p=1247","title":{"rendered":"Vortrag:  Ayurwedische Ern\u00e4hrung im Alltag"},"content":{"rendered":"<figure id=\"attachment_1254\" class=\"wp-caption alignleft\" style=\"width: 300px\"><a href=\"https:\/\/blog.ayurweda.de\/wp-content\/uploads\/2015\/09\/Vortrag2.jpg\"><img loading=\"lazy\" decoding=\"async\" class=\"size-medium wp-image-1254\" alt=\"Villa Breitenberg\" src=\"https:\/\/blog.ayurweda.de\/wp-content\/uploads\/2015\/09\/Vortrag2-300x225.jpg\" width=\"300\" height=\"225\" srcset=\"https:\/\/blog.ayurweda.de\/wp-content\/uploads\/2015\/09\/Vortrag2-300x225.jpg 300w, https:\/\/blog.ayurweda.de\/wp-content\/uploads\/2015\/09\/Vortrag2.jpg 960w\" sizes=\"(max-width: 300px) 100vw, 300px\" \/><\/a><figcaption class=\"wp-caption-text\">B\u00fccher und Gew\u00fcrze<\/figcaption><\/figure>\n<p>Herzlichen Dank an Frau Silvia Reischl f\u00fcr die Einladung einen Vortrag f\u00fcr Ihre Yoga Kursteilnehmer zu halten und an die Familie Leiner f\u00fcr ihre Gastfreundschaft. Die Villa Breitenberg, der Verantaltungsort, befindet sich direkt an der Grenze zu \u00d6sterreich.<\/p>\n<figure id=\"attachment_1249\" class=\"wp-caption alignright\" style=\"width: 225px\"><a href=\"https:\/\/blog.ayurweda.de\/wp-content\/uploads\/2015\/09\/vortrag1.jpg\"><img loading=\"lazy\" decoding=\"async\" class=\"size-medium wp-image-1249\" alt=\"Villa Breitenberg\" src=\"https:\/\/blog.ayurweda.de\/wp-content\/uploads\/2015\/09\/vortrag1-225x300.jpg\" width=\"225\" height=\"300\" srcset=\"https:\/\/blog.ayurweda.de\/wp-content\/uploads\/2015\/09\/vortrag1-225x300.jpg 225w, https:\/\/blog.ayurweda.de\/wp-content\/uploads\/2015\/09\/vortrag1.jpg 720w\" sizes=\"(max-width: 225px) 100vw, 225px\" \/><\/a><figcaption class=\"wp-caption-text\">Beim Vortrag<\/figcaption><\/figure>\n<p>Es war mir eine Ehre so vielen Leuten von meiner Leidenschaft, dem Ayurveda erz\u00e4hlen zu d\u00fcrfen.\u00a0 Wie die Gastgeber meinen Auftritt empfanden, lesen sie am besten selbst im <a title=\"Villa Breitenberg Blog\" href=\"http:\/\/www.villabreitenberg.de\/zum-schmokern\/\" target=\"_blank\">Blog der Villa Breitenberg<\/a>.<\/p>\n","protected":false},"excerpt":{"rendered":"<p>Herzlichen Dank an Frau Silvia Reischl f\u00fcr die Einladung einen Vortrag f\u00fcr Ihre Yoga Kursteilnehmer zu halten und an die Familie Leiner f\u00fcr ihre Gastfreundschaft. Die Villa Breitenberg, der Verantaltungsort, befindet sich direkt an der Grenze zu \u00d6sterreich. Es war mir eine Ehre so vielen Leuten von meiner Leidenschaft, dem&nbsp; <a href=\"https:\/\/blog.ayurweda.de\/?p=1247\" title=\"Read more Vortrag:  Ayurwedische Ern\u00e4hrung im Alltag\">Read more &raquo;<\/a><\/p>\n","protected":false},"author":1,"featured_media":0,"comment_status":"open","ping_status":"closed","sticky":false,"template":"","format":"standard","meta":{"footnotes":""},"categories":[15,160],"tags":[8,106,168,10,31,58,115],"_links":{"self":[{"href":"https:\/\/blog.ayurweda.de\/index.php?rest_route=\/wp\/v2\/posts\/1247"}],"collection":[{"href":"https:\/\/blog.ayurweda.de\/index.php?rest_route=\/wp\/v2\/posts"}],"about":[{"href":"https:\/\/blog.ayurweda.de\/index.php?rest_route=\/wp\/v2\/types\/post"}],"author":[{"embeddable":true,"href":"https:\/\/blog.ayurweda.de\/index.php?rest_route=\/wp\/v2\/users\/1"}],"replies":[{"embeddable":true,"href":"https:\/\/blog.ayurweda.de\/index.php?rest_route=%2Fwp%2Fv2%2Fcomments&post=1247"}],"version-history":[{"count":5,"href":"https:\/\/blog.ayurweda.de\/index.php?rest_route=\/wp\/v2\/posts\/1247\/revisions"}],"predecessor-version":[{"id":1274,"href":"https:\/\/blog.ayurweda.de\/index.php?rest_route=\/wp\/v2\/posts\/1247\/revisions\/1274"}],"wp:attachment":[{"href":"https:\/\/blog.ayurweda.de\/index.php?rest_route=%2Fwp%2Fv2%2Fmedia&parent=1247"}],"wp:term":[{"taxonomy":"category","embeddable":true,"href":"https:\/\/blog.ayurweda.de\/index.php?rest_route=%2Fwp%2Fv2%2Fcategories&post=1247"},{"taxonomy":"post_tag","embeddable":true,"href":"https:\/\/blog.ayurweda.de\/index.php?rest_route=%2Fwp%2Fv2%2Ftags&post=1247"}],"curies":[{"name":"wp","href":"https:\/\/api.w.org\/{rel}","templated":true}]}}