{"id":1832,"date":"2021-03-15T13:32:36","date_gmt":"2021-03-15T12:32:36","guid":{"rendered":"http:\/\/blog.ayurweda.de\/?p=1832"},"modified":"2023-03-10T11:11:37","modified_gmt":"2023-03-10T10:11:37","slug":"der-boese-zahn","status":"publish","type":"post","link":"https:\/\/blog.ayurweda.de\/?p=1832","title":{"rendered":"&#8222;Der b\u00f6se Zahn&#8220;"},"content":{"rendered":"\n<figure class=\"wp-block-image size-large is-resized\"><a href=\"https:\/\/blog.ayurweda.de\/wp-content\/uploads\/2021\/03\/dentist-4374683_1280.jpg\"><img loading=\"lazy\" decoding=\"async\" src=\"https:\/\/blog.ayurweda.de\/wp-content\/uploads\/2021\/03\/dentist-4374683_1280-1024x644.jpg\" alt=\"\" class=\"wp-image-1835\" width=\"578\" height=\"362\"\/><\/a><figcaption class=\"wp-element-caption\">Bild von <a href=\"https:\/\/pixabay.com\/de\/users\/wir_sind_klein-6630807\/?utm_source=link-attribution&amp;utm_medium=referral&amp;utm_campaign=image&amp;utm_content=4374683\">Wilfried Pohnke<\/a> auf <a href=\"https:\/\/pixabay.com\/de\/?utm_source=link-attribution&amp;utm_medium=referral&amp;utm_campaign=image&amp;utm_content=4374683\">Pixabay<\/a><\/figcaption><\/figure>\n\n\n\n<p>So hei\u00dft mein Artikel, der vor ein paar Tagen im CO.med Fachmagazin f\u00fcr Komplement\u00e4rmedizin, 2021, Heft 03, Mediengruppe Oberfranken &#8211; Fachverlage GmbH &amp; Co. KG (ISSN 0949-2402) erschienen ist. Den Artikel k\u00f6nnen Sie unter diesem <a rel=\"noreferrer noopener\" href=\"https:\/\/www.med-search.info\/mgof-xaveropp\/praxis-zeitschriften\/start.xav?start=%2f%2f*%5b%40attr_id%3d%27COM-2021--03-0010-.pdf%27%20and%20%40outline_id%3d%27COM-2021--03-0010-.pdf%27%5d\" target=\"_blank\">Link<\/a> als .pdf kaufen oder gleich ein Abonnement bestellen. <\/p>\n\n\n\n<p>Ein kostenloses Probeexemplar der Zeitschrift bekommen Sie <a rel=\"noreferrer noopener\" href=\"https:\/\/naturheilkunde-kompakt.de\/2021\/03\/10\/der-boese-zahn\/\" target=\"_blank\">hier<\/a>.  <\/p>\n\n\n\n<p>Ich kann nicht oft genug darauf hinweisen, wie wichtig ein gesunder Kiefer ist!  Im Artikel beschreibe ich einige F\u00e4lle aus der Praxis.  Die &#8222;unheilbaren&#8220; Patienten waren nach der Kiefersanierung schnell gesund. Beeindruckend!  <\/p>\n\n\n\n<p id=\"ZahnWurzelkanal\">Viel Spa\u00df beim Lesen!<\/p>\n","protected":false},"excerpt":{"rendered":"<p>Eine gro\u00dfe Zahl von Medizinern ist sich einig, dass die Ursache hartn\u00e4ckiger Erkrankungen im Mund- und Rachenraum zu suchen und zu finden ist. So sch\u00e4tzt der bekannte<br \/>\nArzt Dr. med. Dietrich Klinghardt bspw., dass \u00fcber die H\u00e4lfte aller Erkrankungen ihre Verbindung zum Zahn- und Kieferbereich haben. [1] Ziel dieses Artikels ist es, mehr \u00c4rzte und Zahn\u00e4rzte auf diese Thematik aufmerksam zu machen, damit sie u. U. ihr Augenmerk gezielter darauf richten k\u00f6nnen.<\/p>\n","protected":false},"author":1,"featured_media":0,"comment_status":"open","ping_status":"closed","sticky":false,"template":"","format":"standard","meta":{"footnotes":""},"categories":[15,44],"tags":[657,658,659,661,660,242,655,667,668,671,663,662,669,664,670,295,656,293,326,665,666],"_links":{"self":[{"href":"https:\/\/blog.ayurweda.de\/index.php?rest_route=\/wp\/v2\/posts\/1832"}],"collection":[{"href":"https:\/\/blog.ayurweda.de\/index.php?rest_route=\/wp\/v2\/posts"}],"about":[{"href":"https:\/\/blog.ayurweda.de\/index.php?rest_route=\/wp\/v2\/types\/post"}],"author":[{"embeddable":true,"href":"https:\/\/blog.ayurweda.de\/index.php?rest_route=\/wp\/v2\/users\/1"}],"replies":[{"embeddable":true,"href":"https:\/\/blog.ayurweda.de\/index.php?rest_route=%2Fwp%2Fv2%2Fcomments&post=1832"}],"version-history":[{"count":5,"href":"https:\/\/blog.ayurweda.de\/index.php?rest_route=\/wp\/v2\/posts\/1832\/revisions"}],"predecessor-version":[{"id":1987,"href":"https:\/\/blog.ayurweda.de\/index.php?rest_route=\/wp\/v2\/posts\/1832\/revisions\/1987"}],"wp:attachment":[{"href":"https:\/\/blog.ayurweda.de\/index.php?rest_route=%2Fwp%2Fv2%2Fmedia&parent=1832"}],"wp:term":[{"taxonomy":"category","embeddable":true,"href":"https:\/\/blog.ayurweda.de\/index.php?rest_route=%2Fwp%2Fv2%2Fcategories&post=1832"},{"taxonomy":"post_tag","embeddable":true,"href":"https:\/\/blog.ayurweda.de\/index.php?rest_route=%2Fwp%2Fv2%2Ftags&post=1832"}],"curies":[{"name":"wp","href":"https:\/\/api.w.org\/{rel}","templated":true}]}}