{"id":612,"date":"2013-07-31T07:53:36","date_gmt":"2013-07-31T05:53:36","guid":{"rendered":"http:\/\/blog.ayurweda.de\/?p=612"},"modified":"2013-07-31T07:53:36","modified_gmt":"2013-07-31T05:53:36","slug":"australien-kontinent-zwischen-zwei-welten-der-kampf-um-wahrheit-und-gerechtigkeit","status":"publish","type":"post","link":"https:\/\/blog.ayurweda.de\/?p=612","title":{"rendered":"Australien, Kontinent zwischen zwei Welten \u2013 Der Kampf um Wahrheit und Gerechtigkeit"},"content":{"rendered":"<p>Der Vortrag gibt einen Einblick in das Leben und die Geschichte des Volkes der Ngarrindjeri, einem eingeborenen Stamm der australischen Aborigines. Die Geschichte der Besiedlung Australiens wird aus der Sicht der Eingeborenen dargestellt. Ebenso ihr Kampf um Wahrheit, ums \u00dcberleben und um Gerechtigkeit. Es wird Ihnen ein Volk vorgestellt, das im Einklang mit der Natur gelebt hat. Ein Volk, das trotz gro\u00dfer Verluste eine Liebensw\u00fcrdigkeit, eine Demut vor der Sch\u00f6pfung und eine tiefe Liebe f\u00fcr die Mutter Erde kennt.<\/p>\n<p>Donnerstag, 18:30 \u2013 20:00 Uhr, 07. November 2013, vhs Seminarraum 3, Frauenberg 17, Grafenau; Teilnehmerbeitrag: 5,- \u20ac; Leitung: Helena P\u00f6hlmann<\/p>\n","protected":false},"excerpt":{"rendered":"<p>Der Vortrag gibt einen Einblick in das Leben und die Geschichte des Volkes der Ngarrindjeri, einem eingeborenen Stamm der australischen Aborigines. Die Geschichte der Besiedlung Australiens wird aus der Sicht der Eingeborenen dargestellt. Ebenso ihr Kampf um Wahrheit, ums \u00dcberleben und um Gerechtigkeit. Es wird Ihnen ein Volk vorgestellt, das&nbsp; <a href=\"https:\/\/blog.ayurweda.de\/?p=612\" title=\"Read more Australien, Kontinent zwischen zwei Welten \u2013 Der Kampf um Wahrheit und Gerechtigkeit\">Read more &raquo;<\/a><\/p>\n","protected":false},"author":1,"featured_media":0,"comment_status":"open","ping_status":"closed","sticky":false,"template":"","format":"standard","meta":{"footnotes":""},"categories":[15,14,160],"tags":[173,172,9,7,25,59,106,23,47,174,107],"_links":{"self":[{"href":"https:\/\/blog.ayurweda.de\/index.php?rest_route=\/wp\/v2\/posts\/612"}],"collection":[{"href":"https:\/\/blog.ayurweda.de\/index.php?rest_route=\/wp\/v2\/posts"}],"about":[{"href":"https:\/\/blog.ayurweda.de\/index.php?rest_route=\/wp\/v2\/types\/post"}],"author":[{"embeddable":true,"href":"https:\/\/blog.ayurweda.de\/index.php?rest_route=\/wp\/v2\/users\/1"}],"replies":[{"embeddable":true,"href":"https:\/\/blog.ayurweda.de\/index.php?rest_route=%2Fwp%2Fv2%2Fcomments&post=612"}],"version-history":[{"count":4,"href":"https:\/\/blog.ayurweda.de\/index.php?rest_route=\/wp\/v2\/posts\/612\/revisions"}],"predecessor-version":[{"id":616,"href":"https:\/\/blog.ayurweda.de\/index.php?rest_route=\/wp\/v2\/posts\/612\/revisions\/616"}],"wp:attachment":[{"href":"https:\/\/blog.ayurweda.de\/index.php?rest_route=%2Fwp%2Fv2%2Fmedia&parent=612"}],"wp:term":[{"taxonomy":"category","embeddable":true,"href":"https:\/\/blog.ayurweda.de\/index.php?rest_route=%2Fwp%2Fv2%2Fcategories&post=612"},{"taxonomy":"post_tag","embeddable":true,"href":"https:\/\/blog.ayurweda.de\/index.php?rest_route=%2Fwp%2Fv2%2Ftags&post=612"}],"curies":[{"name":"wp","href":"https:\/\/api.w.org\/{rel}","templated":true}]}}